{"id":5725,"date":"2023-07-09T13:39:38","date_gmt":"2023-07-09T13:39:38","guid":{"rendered":"https:\/\/magazine.associationsadio.org\/?p=5725"},"modified":"2023-07-10T13:30:48","modified_gmt":"2023-07-10T13:30:48","slug":"awa-gaye","status":"publish","type":"post","link":"https:\/\/magazine.associationsadio.org\/index.php\/2023\/07\/09\/awa-gaye\/","title":{"rendered":"AWA GAYE"},"content":{"rendered":"\n<p>FONDATRICE DE LA CHA\u00ceNE YOUTUBE<br>SWEET SENEGAL<\/p>\n\n\n\n<h1 class=\"wp-block-heading has-medium-font-size\">Vous \u00eates d\u00e9j\u00e0 tr\u00e8s connue mais pr\u00e9sentez-vous en quelques mots pour celles qui ne vous connaissent pas<\/h1>\n\n\n<div class=\"wp-block-image\">\n<figure class=\"alignright size-large\"><img decoding=\"async\" loading=\"lazy\" width=\"1024\" height=\"1024\" src=\"data:image\/gif;base64,R0lGODlhAQABAAAAACH5BAEKAAEALAAAAAABAAEAAAICTAEAOw==\" data-src=\"https:\/\/magazine.associationsadio.org\/wp-content\/uploads\/2023\/07\/IMG_1556_Facetune_14-02-2022-18-33-04-1024x1024.jpg\" alt=\"\" class=\"wp-image-5727 lazyload\" data-sizes=\"auto\" data-srcset=\"https:\/\/magazine.associationsadio.org\/wp-content\/uploads\/2023\/07\/IMG_1556_Facetune_14-02-2022-18-33-04-1024x1024.jpg 1024w, https:\/\/magazine.associationsadio.org\/wp-content\/uploads\/2023\/07\/IMG_1556_Facetune_14-02-2022-18-33-04-300x300.jpg 300w, https:\/\/magazine.associationsadio.org\/wp-content\/uploads\/2023\/07\/IMG_1556_Facetune_14-02-2022-18-33-04-150x150.jpg 150w, https:\/\/magazine.associationsadio.org\/wp-content\/uploads\/2023\/07\/IMG_1556_Facetune_14-02-2022-18-33-04-768x768.jpg 768w, https:\/\/magazine.associationsadio.org\/wp-content\/uploads\/2023\/07\/IMG_1556_Facetune_14-02-2022-18-33-04-1536x1536.jpg 1536w, https:\/\/magazine.associationsadio.org\/wp-content\/uploads\/2023\/07\/IMG_1556_Facetune_14-02-2022-18-33-04-2048x2048.jpg 2048w, https:\/\/magazine.associationsadio.org\/wp-content\/uploads\/2023\/07\/IMG_1556_Facetune_14-02-2022-18-33-04-180x180.jpg 180w, https:\/\/magazine.associationsadio.org\/wp-content\/uploads\/2023\/07\/IMG_1556_Facetune_14-02-2022-18-33-04-90x90.jpg 90w, https:\/\/magazine.associationsadio.org\/wp-content\/uploads\/2023\/07\/IMG_1556_Facetune_14-02-2022-18-33-04-450x450.jpg 450w, https:\/\/magazine.associationsadio.org\/wp-content\/uploads\/2023\/07\/IMG_1556_Facetune_14-02-2022-18-33-04-270x270.jpg 270w, https:\/\/magazine.associationsadio.org\/wp-content\/uploads\/2023\/07\/IMG_1556_Facetune_14-02-2022-18-33-04-20x20.jpg 20w, https:\/\/magazine.associationsadio.org\/wp-content\/uploads\/2023\/07\/IMG_1556_Facetune_14-02-2022-18-33-04-225x225.jpg 225w, https:\/\/magazine.associationsadio.org\/wp-content\/uploads\/2023\/07\/IMG_1556_Facetune_14-02-2022-18-33-04-900x900.jpg 900w, https:\/\/magazine.associationsadio.org\/wp-content\/uploads\/2023\/07\/IMG_1556_Facetune_14-02-2022-18-33-04-1350x1350.jpg 1350w, https:\/\/magazine.associationsadio.org\/wp-content\/uploads\/2023\/07\/IMG_1556_Facetune_14-02-2022-18-33-04-96x96.jpg 96w, https:\/\/magazine.associationsadio.org\/wp-content\/uploads\/2023\/07\/IMG_1556_Facetune_14-02-2022-18-33-04-600x600.jpg 600w, https:\/\/magazine.associationsadio.org\/wp-content\/uploads\/2023\/07\/IMG_1556_Facetune_14-02-2022-18-33-04-100x100.jpg 100w\" sizes=\"(max-width: 1024px) 100vw, 1024px\" \/><\/figure><\/div>\n\n\n<p>Je me pr\u00e9sente Awa Gaye. Je suis s\u00e9n\u00e9galaise, et fondatrice de la cha\u00eene youtube SweetSenegal. Sweet S\u00e9n\u00e9gal est une cha\u00eene qui montre le S\u00e9n\u00e9gal sous toutes ses couleurs et coutumes mais tout en partageant mon exp\u00e9rience et celle de mes compatriotes s\u00e9n\u00e9galais. Pour faire court, je pr\u00e9sente le S\u00e9n\u00e9gal en y ajoutant ma petite touche personnelle. Le but principal de SWEET S\u00e9n\u00e9gal est de partager l\u2019excellence s\u00e9n\u00e9galaise et ce, aussi bien au niveau local qu\u2019international<\/p>\n\n\n\n<p class=\"has-medium-font-size\"><strong>Vous \u00eates entrepreneure et influenceuse. Parlez-nous de vos activit\u00e9s ?<\/strong><br>On va dire que je suis entrepreneur dans le monde du digital. Pour mes activit\u00e9s, je fais des vid\u00e9os sur youtube et avec ma plateforme j\u2019arrive \u00e0 travailler avec des marques comme Toyota, l\u2019Or\u00e9al et r\u00e9cemment je travaille beaucoup avec des promoteurs immobiliers. En plus de cr\u00e9er des contenus pour ma cha\u00eene, il m\u2019arrive tr\u00e8s souvent de me retrouver de l\u2019autre c\u00f4t\u00e9 de la cam\u00e9ra pour cr\u00e9er des contenus pour des marques quand ils ont des \u00e9v\u00e9nement etc. Et dans ces cas l\u00e0, je suis sur la production. Cela colle bien avec mon exp\u00e9rience pass\u00e9e. Mais je vous en parlerai.<\/p>\n\n\n\n<p><strong>Combien de followers avez-vous? Depuis combien de temps \u00eates-vous cr\u00e9atrice de contenu?<\/strong><br>Je suis a environ 195k followers entre mon instagram , youtube et Facebook. On va dire j\u2019\u00e9tais sur les r\u00e9seaux depuis 2017 mais j\u2019ai vraiment commenc\u00e9 \u00e0 cr\u00e9er des vrai contenus depuis mon retour au S\u00e9n\u00e9gal en 2019.<\/p>\n\n\n\n<figure class=\"wp-block-image size-large\"><img decoding=\"async\" loading=\"lazy\" width=\"1024\" height=\"1024\" src=\"data:image\/gif;base64,R0lGODlhAQABAAAAACH5BAEKAAEALAAAAAABAAEAAAICTAEAOw==\" data-src=\"https:\/\/magazine.associationsadio.org\/wp-content\/uploads\/2023\/07\/IMG_4809_Facetune_20-08-2021-19-06-50-1024x1024.jpg\" alt=\"\" class=\"wp-image-5735 lazyload\" data-sizes=\"auto\" data-srcset=\"https:\/\/magazine.associationsadio.org\/wp-content\/uploads\/2023\/07\/IMG_4809_Facetune_20-08-2021-19-06-50-1024x1024.jpg 1024w, https:\/\/magazine.associationsadio.org\/wp-content\/uploads\/2023\/07\/IMG_4809_Facetune_20-08-2021-19-06-50-300x300.jpg 300w, https:\/\/magazine.associationsadio.org\/wp-content\/uploads\/2023\/07\/IMG_4809_Facetune_20-08-2021-19-06-50-150x150.jpg 150w, https:\/\/magazine.associationsadio.org\/wp-content\/uploads\/2023\/07\/IMG_4809_Facetune_20-08-2021-19-06-50-768x768.jpg 768w, https:\/\/magazine.associationsadio.org\/wp-content\/uploads\/2023\/07\/IMG_4809_Facetune_20-08-2021-19-06-50-180x180.jpg 180w, https:\/\/magazine.associationsadio.org\/wp-content\/uploads\/2023\/07\/IMG_4809_Facetune_20-08-2021-19-06-50-90x90.jpg 90w, https:\/\/magazine.associationsadio.org\/wp-content\/uploads\/2023\/07\/IMG_4809_Facetune_20-08-2021-19-06-50-450x450.jpg 450w, https:\/\/magazine.associationsadio.org\/wp-content\/uploads\/2023\/07\/IMG_4809_Facetune_20-08-2021-19-06-50-270x270.jpg 270w, https:\/\/magazine.associationsadio.org\/wp-content\/uploads\/2023\/07\/IMG_4809_Facetune_20-08-2021-19-06-50-20x20.jpg 20w, https:\/\/magazine.associationsadio.org\/wp-content\/uploads\/2023\/07\/IMG_4809_Facetune_20-08-2021-19-06-50-225x225.jpg 225w, https:\/\/magazine.associationsadio.org\/wp-content\/uploads\/2023\/07\/IMG_4809_Facetune_20-08-2021-19-06-50-900x900.jpg 900w, https:\/\/magazine.associationsadio.org\/wp-content\/uploads\/2023\/07\/IMG_4809_Facetune_20-08-2021-19-06-50-96x96.jpg 96w, https:\/\/magazine.associationsadio.org\/wp-content\/uploads\/2023\/07\/IMG_4809_Facetune_20-08-2021-19-06-50-600x600.jpg 600w, https:\/\/magazine.associationsadio.org\/wp-content\/uploads\/2023\/07\/IMG_4809_Facetune_20-08-2021-19-06-50-100x100.jpg 100w, https:\/\/magazine.associationsadio.org\/wp-content\/uploads\/2023\/07\/IMG_4809_Facetune_20-08-2021-19-06-50.jpg 1092w\" sizes=\"(max-width: 1024px) 100vw, 1024px\" \/><\/figure>\n\n\n\n<p class=\"has-medium-font-size\"><strong>Vous \u00eates pr\u00e9curseur en ce qui concerne Youtube en Afrique de l\u2019Ouest. Comment<br>vous est venue l\u2019id\u00e9e de vous lancer?<\/strong><br>Je suis dipl\u00f4m\u00e9e en math\u00e9matiques et j\u2019ai toujours \u00e9t\u00e9 passionn\u00e9e par la mode. Donc en 2014 j\u2019ai d\u00e9cid\u00e9 de tenter l\u2019aventure au S\u00e9n\u00e9gal en travaillant dans une cha\u00eene de t\u00e9l\u00e9 en tant que production manager et coordinatrice d\u2019\u00e9v\u00e9nement. En \u00e9tant au S\u00e9n\u00e9gal je partageais toujours des photos du S\u00e9n\u00e9gal en mettant toujours le #sweetsenegal. Du coup j\u2019avais d\u00e9cid\u00e9 de cr\u00e9er un site \/blog sweetsenegal.<\/p>\n\n\n\n<p>Apr\u00e8s 3 ans au S\u00e9n\u00e9gal, j\u2019ai d\u00e9cid\u00e9 de retourner aux Etats-Unis, je n\u2019avais pas de travail mais j\u2019avais quand m\u00eame mon iphone du coup j\u2019ai d\u00e9cid\u00e9 de filmer ma toute premi\u00e8re vid\u00e9o juste pour m\u2019occuper! Et c\u2019est comme cela qu\u2019est n\u00e9 la cha\u00eene youtube SWEET Senegal. <\/p>\n\n\n\n<p><strong>Quelles sont les principaux d\u00e9fis selon vous en entrepreneuriat lorsqu&#8217;on est une femme?<\/strong><\/p>\n\n\n\n<p>Pour commencer une des difficult\u00e9s principales \u00e0 laquelle je fais face en tant qu\u2019entrepreneur dans le digital , c\u2019est le fait que les gens, et m\u00eame parfois des marques pensent que ce n\u2019est pas un emploi \u00e0 r\u00e9mun\u00e9rer forc\u00e9ment. Or, ce que tout le monde oublie, c\u2019est que cela prend \u00e9norm\u00e9ment de temps et d\u2019argent de concevoir, cr\u00e9er, monter une vid\u00e9o pour faire des contenus de qualit\u00e9.<\/p>\n\n\n\n<figure class=\"wp-block-image size-large\"><img decoding=\"async\" loading=\"lazy\" width=\"905\" height=\"1024\" src=\"data:image\/gif;base64,R0lGODlhAQABAAAAACH5BAEKAAEALAAAAAABAAEAAAICTAEAOw==\" data-src=\"https:\/\/magazine.associationsadio.org\/wp-content\/uploads\/2023\/07\/IMG_9950_Facetune_23-10-2018-15-05-11-905x1024.jpg\" alt=\"\" class=\"wp-image-5739 lazyload\" data-sizes=\"auto\" data-srcset=\"https:\/\/magazine.associationsadio.org\/wp-content\/uploads\/2023\/07\/IMG_9950_Facetune_23-10-2018-15-05-11-905x1024.jpg 905w, https:\/\/magazine.associationsadio.org\/wp-content\/uploads\/2023\/07\/IMG_9950_Facetune_23-10-2018-15-05-11-265x300.jpg 265w, https:\/\/magazine.associationsadio.org\/wp-content\/uploads\/2023\/07\/IMG_9950_Facetune_23-10-2018-15-05-11-768x869.jpg 768w, https:\/\/magazine.associationsadio.org\/wp-content\/uploads\/2023\/07\/IMG_9950_Facetune_23-10-2018-15-05-11-1358x1536.jpg 1358w, https:\/\/magazine.associationsadio.org\/wp-content\/uploads\/2023\/07\/IMG_9950_Facetune_23-10-2018-15-05-11-1811x2048.jpg 1811w, https:\/\/magazine.associationsadio.org\/wp-content\/uploads\/2023\/07\/IMG_9950_Facetune_23-10-2018-15-05-11-450x509.jpg 450w, https:\/\/magazine.associationsadio.org\/wp-content\/uploads\/2023\/07\/IMG_9950_Facetune_23-10-2018-15-05-11-225x254.jpg 225w, https:\/\/magazine.associationsadio.org\/wp-content\/uploads\/2023\/07\/IMG_9950_Facetune_23-10-2018-15-05-11-900x1018.jpg 900w, https:\/\/magazine.associationsadio.org\/wp-content\/uploads\/2023\/07\/IMG_9950_Facetune_23-10-2018-15-05-11-1350x1527.jpg 1350w, https:\/\/magazine.associationsadio.org\/wp-content\/uploads\/2023\/07\/IMG_9950_Facetune_23-10-2018-15-05-11-20x23.jpg 20w, https:\/\/magazine.associationsadio.org\/wp-content\/uploads\/2023\/07\/IMG_9950_Facetune_23-10-2018-15-05-11-85x96.jpg 85w, https:\/\/magazine.associationsadio.org\/wp-content\/uploads\/2023\/07\/IMG_9950_Facetune_23-10-2018-15-05-11-600x679.jpg 600w\" sizes=\"(max-width: 905px) 100vw, 905px\" \/><\/figure>\n\n\n\n<p>Autre aspect, en tant que femme, et \u00e9tant dans la production, la plupart de mon<br>equipe technique est masculine, vue qu\u2019on est dans une societe tres patriarcale il est parfois difficile de g\u00e9rer les questions d\u2019\u00e9go. Mais de fa\u00e7on globale, cela se passe bien.<\/p>\n\n\n\n<p><br><strong>Racontez nous une anecdote concernant votre notori\u00e9t\u00e9: un moment o\u00f9 vous \u00e9tiez contente (ou pas) d\u2019\u00eatre reconnue.<\/strong><br>J\u2019\u00e9tais en vacances au S\u00e9n\u00e9gal en 2018, en rentrant j\u2019\u00e9tais dans l\u2019avion et je vois l\u2019h\u00f4tesse de l\u2019air qui me fixe , \u00e7a me semblait bizarre. A un moment donn\u00e9, elle revient et me dit ton visage me dit quelque chose . J\u2019\u00e9tais confuse , je lui ai dit ah oui haha je ne sais pas. Elle s\u2019\u00e9loigne et finit par revenir. Elle me dit: \u00abc\u2019est pas toi qui es sur les r\u00e9seaux, sweet senegal , ma fille t\u2019aime beaucoup, j\u2019appr\u00e9cie vraiment ce que tu fais\u00bb.<\/p>\n\n\n\n<figure class=\"wp-block-image size-large\"><img decoding=\"async\" loading=\"lazy\" width=\"1024\" height=\"768\" src=\"data:image\/gif;base64,R0lGODlhAQABAAAAACH5BAEKAAEALAAAAAABAAEAAAICTAEAOw==\" data-src=\"https:\/\/magazine.associationsadio.org\/wp-content\/uploads\/2023\/07\/IMG_1736_Facetune_14-05-2021-14-18-26-1-1024x768.jpg\" alt=\"\" class=\"wp-image-5730 lazyload\" data-sizes=\"auto\" data-srcset=\"https:\/\/magazine.associationsadio.org\/wp-content\/uploads\/2023\/07\/IMG_1736_Facetune_14-05-2021-14-18-26-1-1024x768.jpg 1024w, https:\/\/magazine.associationsadio.org\/wp-content\/uploads\/2023\/07\/IMG_1736_Facetune_14-05-2021-14-18-26-1-300x225.jpg 300w, https:\/\/magazine.associationsadio.org\/wp-content\/uploads\/2023\/07\/IMG_1736_Facetune_14-05-2021-14-18-26-1-768x576.jpg 768w, https:\/\/magazine.associationsadio.org\/wp-content\/uploads\/2023\/07\/IMG_1736_Facetune_14-05-2021-14-18-26-1-1536x1152.jpg 1536w, https:\/\/magazine.associationsadio.org\/wp-content\/uploads\/2023\/07\/IMG_1736_Facetune_14-05-2021-14-18-26-1-2048x1535.jpg 2048w, https:\/\/magazine.associationsadio.org\/wp-content\/uploads\/2023\/07\/IMG_1736_Facetune_14-05-2021-14-18-26-1-450x337.jpg 450w, https:\/\/magazine.associationsadio.org\/wp-content\/uploads\/2023\/07\/IMG_1736_Facetune_14-05-2021-14-18-26-1-225x169.jpg 225w, https:\/\/magazine.associationsadio.org\/wp-content\/uploads\/2023\/07\/IMG_1736_Facetune_14-05-2021-14-18-26-1-900x675.jpg 900w, https:\/\/magazine.associationsadio.org\/wp-content\/uploads\/2023\/07\/IMG_1736_Facetune_14-05-2021-14-18-26-1-1350x1012.jpg 1350w, https:\/\/magazine.associationsadio.org\/wp-content\/uploads\/2023\/07\/IMG_1736_Facetune_14-05-2021-14-18-26-1-20x15.jpg 20w, https:\/\/magazine.associationsadio.org\/wp-content\/uploads\/2023\/07\/IMG_1736_Facetune_14-05-2021-14-18-26-1-128x96.jpg 128w, https:\/\/magazine.associationsadio.org\/wp-content\/uploads\/2023\/07\/IMG_1736_Facetune_14-05-2021-14-18-26-1-600x450.jpg 600w\" sizes=\"(max-width: 1024px) 100vw, 1024px\" \/><\/figure>\n\n\n\n<p>J\u2019ai \u00e9t\u00e9 \u00e0 la fois surprise et contente parceque c\u2019\u00e9tait la toute premi\u00e8re fois que \u00e7a<br>m\u2019arrivait car pour moi sweet senegal c\u2019\u00e9tait juste pour le fun.<br><\/p>\n\n\n\n<p class=\"has-medium-font-size\"><strong>Un dernier mot pour nos lectrices?<\/strong><\/p>\n\n\n\n<p><strong>Awa&nbsp;Gaye&nbsp;<\/strong><em>\u201cBe yourself; everyone else is already taken.\u201d<\/em><\/p>\n\n\n\n<blockquote class=\"wp-block-quote\">\n<p><a rel=\"noreferrer noopener\" href=\"mailto:sweetsenegal@gmail.com\" target=\"_blank\">sweetsenegal@gmail.com<\/a>\u00a0.\u00a0<a rel=\"noreferrer noopener\" href=\"http:\/\/www.sweetsenegal.com\/\" target=\"_blank\">www.sweetsenegal.com<\/a><br>@sweetsenegal<\/p>\n<\/blockquote>\n","protected":false},"excerpt":{"rendered":"<p>FONDATRICE DE LA CHA\u00ceNE YOUTUBESWEET SENEGAL Vous \u00eates d\u00e9j\u00e0 tr\u00e8s connue mais pr\u00e9sentez-vous en quelques mots pour celles qui ne vous connaissent pas Je me pr\u00e9sente Awa Gaye. Je suis s\u00e9n\u00e9galaise, et fondatrice de la cha\u00eene youtube SweetSenegal. Sweet S\u00e9n\u00e9gal est une cha\u00eene qui montre le S\u00e9n\u00e9gal sous toutes ses couleurs et coutumes mais tout&hellip;<\/p>\n","protected":false},"author":1,"featured_media":5734,"comment_status":"open","ping_status":"open","sticky":true,"template":"","format":"standard","meta":[],"categories":[66],"tags":[],"thb-sponsors":[],"_links":{"self":[{"href":"https:\/\/magazine.associationsadio.org\/index.php\/wp-json\/wp\/v2\/posts\/5725"}],"collection":[{"href":"https:\/\/magazine.associationsadio.org\/index.php\/wp-json\/wp\/v2\/posts"}],"about":[{"href":"https:\/\/magazine.associationsadio.org\/index.php\/wp-json\/wp\/v2\/types\/post"}],"author":[{"embeddable":true,"href":"https:\/\/magazine.associationsadio.org\/index.php\/wp-json\/wp\/v2\/users\/1"}],"replies":[{"embeddable":true,"href":"https:\/\/magazine.associationsadio.org\/index.php\/wp-json\/wp\/v2\/comments?post=5725"}],"version-history":[{"count":2,"href":"https:\/\/magazine.associationsadio.org\/index.php\/wp-json\/wp\/v2\/posts\/5725\/revisions"}],"predecessor-version":[{"id":5742,"href":"https:\/\/magazine.associationsadio.org\/index.php\/wp-json\/wp\/v2\/posts\/5725\/revisions\/5742"}],"wp:featuredmedia":[{"embeddable":true,"href":"https:\/\/magazine.associationsadio.org\/index.php\/wp-json\/wp\/v2\/media\/5734"}],"wp:attachment":[{"href":"https:\/\/magazine.associationsadio.org\/index.php\/wp-json\/wp\/v2\/media?parent=5725"}],"wp:term":[{"taxonomy":"category","embeddable":true,"href":"https:\/\/magazine.associationsadio.org\/index.php\/wp-json\/wp\/v2\/categories?post=5725"},{"taxonomy":"post_tag","embeddable":true,"href":"https:\/\/magazine.associationsadio.org\/index.php\/wp-json\/wp\/v2\/tags?post=5725"},{"taxonomy":"thb-sponsors","embeddable":true,"href":"https:\/\/magazine.associationsadio.org\/index.php\/wp-json\/wp\/v2\/thb-sponsors?post=5725"}],"curies":[{"name":"wp","href":"https:\/\/api.w.org\/{rel}","templated":true}]}}